{"id":5283,"date":"2026-03-27T08:40:22","date_gmt":"2026-03-27T08:40:22","guid":{"rendered":"https:\/\/dretpenal.uab.cat\/?p=5283"},"modified":"2026-03-27T08:44:28","modified_gmt":"2026-03-27T08:44:28","slug":"el-gredp-participa-en-el-seminario-nacional-30o-aniversario-de-vigencia-del-codigo-penal-espanol","status":"publish","type":"post","link":"https:\/\/dretpenal.uab.cat\/index.php\/2026\/03\/27\/el-gredp-participa-en-el-seminario-nacional-30o-aniversario-de-vigencia-del-codigo-penal-espanol\/","title":{"rendered":"El GReDP participa en el SEMINARIO NACIONAL 30\u00ba ANIVERSARIO DE VIGENCIA DEL C\u00d3DIGO PENAL ESPA\u00d1OL"},"content":{"rendered":"\n<p>El GReDP participa en el SEMINARIO NACIONAL 30\u00ba ANIVERSARIO DE VIGENCIA DEL C\u00d3DIGO PENAL ESPA\u00d1OL\u00a0que se celebrar\u00e1 en Salamanca, el pr\u00f3ximo 16 de abril.<\/p>\n\n\n\n<p>Los Drs. Mercedes Garc\u00eda Ar\u00e1n, Mar\u00eda Jes\u00fas Guardiola Lago y Joan Baucells Llad\u00f3s han sido invitados a participar en el acto organizado por la Universidad de Salamanca para conmemorar el 30 aniversario de la entrada en vigor del C\u00f3digo penal de la Democracia. El acto tendr\u00e1 lugar el pr\u00f3ximo 16 de abril de 2026 en el Sal\u00f3n de Grados de la Facultad de Derecho de la Universidad de Salamanca y ser\u00e1 retransmitido en directo:\u00a0<a href=\"https:\/\/meet.google.com\/wpd-mybt-jcf\">https:\/\/meet.google.com\/wpd-mybt-jcf<\/a><\/p>\n\n\n\n<p><a href=\"http:\/\/dretpenal.uab.cat\/wp-content\/uploads\/2026\/03\/Triptico.pdf\" target=\"_blank\" rel=\"noreferrer noopener\"><strong>Tr\u00edptico del evento<\/strong><\/a><\/p>\n\n\n\n<p><\/p>\n\n\n\n<p><\/p>\n","protected":false},"excerpt":{"rendered":"<p>El GReDP participa en el SEMINARIO NACIONAL 30\u00ba ANIVERSARIO DE VIGENCIA DEL C\u00d3DIGO PENAL ESPA\u00d1OL\u00a0que se celebrar\u00e1 en Salamanca, el pr\u00f3ximo 16 de abril. Los Drs. Mercedes Garc\u00eda Ar\u00e1n, Mar\u00eda Jes\u00fas Guardiola Lago y Joan Baucells Llad\u00f3s han sido invitados a participar en el acto organizado por la Universidad de Salamanca para conmemorar el 30 [&hellip;]<\/p>\n","protected":false},"author":4,"featured_media":5286,"comment_status":"closed","ping_status":"open","sticky":false,"template":"","format":"standard","meta":{"footnotes":""},"categories":[33],"tags":[],"class_list":["post-5283","post","type-post","status-publish","format-standard","has-post-thumbnail","hentry","category-noticies"],"_links":{"self":[{"href":"https:\/\/dretpenal.uab.cat\/index.php\/wp-json\/wp\/v2\/posts\/5283","targetHints":{"allow":["GET"]}}],"collection":[{"href":"https:\/\/dretpenal.uab.cat\/index.php\/wp-json\/wp\/v2\/posts"}],"about":[{"href":"https:\/\/dretpenal.uab.cat\/index.php\/wp-json\/wp\/v2\/types\/post"}],"author":[{"embeddable":true,"href":"https:\/\/dretpenal.uab.cat\/index.php\/wp-json\/wp\/v2\/users\/4"}],"replies":[{"embeddable":true,"href":"https:\/\/dretpenal.uab.cat\/index.php\/wp-json\/wp\/v2\/comments?post=5283"}],"version-history":[{"count":2,"href":"https:\/\/dretpenal.uab.cat\/index.php\/wp-json\/wp\/v2\/posts\/5283\/revisions"}],"predecessor-version":[{"id":5288,"href":"https:\/\/dretpenal.uab.cat\/index.php\/wp-json\/wp\/v2\/posts\/5283\/revisions\/5288"}],"wp:featuredmedia":[{"embeddable":true,"href":"https:\/\/dretpenal.uab.cat\/index.php\/wp-json\/wp\/v2\/media\/5286"}],"wp:attachment":[{"href":"https:\/\/dretpenal.uab.cat\/index.php\/wp-json\/wp\/v2\/media?parent=5283"}],"wp:term":[{"taxonomy":"category","embeddable":true,"href":"https:\/\/dretpenal.uab.cat\/index.php\/wp-json\/wp\/v2\/categories?post=5283"},{"taxonomy":"post_tag","embeddable":true,"href":"https:\/\/dretpenal.uab.cat\/index.php\/wp-json\/wp\/v2\/tags?post=5283"}],"curies":[{"name":"wp","href":"https:\/\/api.w.org\/{rel}","templated":true}]}}