{"id":5264,"date":"2026-01-30T11:40:04","date_gmt":"2026-01-30T11:40:04","guid":{"rendered":"https:\/\/dretpenal.uab.cat\/?p=5264"},"modified":"2026-01-30T11:40:26","modified_gmt":"2026-01-30T11:40:26","slug":"el-gredp-participa-en-imonitor-2-0","status":"publish","type":"post","link":"https:\/\/dretpenal.uab.cat\/index.php\/2026\/01\/30\/el-gredp-participa-en-imonitor-2-0\/","title":{"rendered":"El GReDP participa en IMonitor 2.0"},"content":{"rendered":"\n<p>El professor Antoni Cardona, el dia 26 de gener del 2026, ha participat en la Taula rodona: \u201c<em>La participaci\u00f3 c\u00edvica com a mecanisme de transpar\u00e8ncia i control de la corrupci\u00f3 a la contractaci\u00f3 p\u00fablica\u201d,<\/em>\u00a0celebrada al Col\u00b7legi de Professionals de Ci\u00e8ncia pol\u00edtica i Sociologia de Catalunya, dins del Projecte IMonitor, projecte europeu finan\u00e7at per la CE i que t\u00e9 com a objectiu apropar el concepte de supervisi\u00f3 c\u00edvica de la contractaci\u00f3 p\u00fablica per enfortir la transpar\u00e8ncia i la integritat en els processos de contractaci\u00f3.<\/p>\n\n\n\n<p><\/p>\n","protected":false},"excerpt":{"rendered":"<p>El professor Antoni Cardona, el dia 26 de gener del 2026, ha participat en la Taula rodona: \u201cLa participaci\u00f3 c\u00edvica com a mecanisme de transpar\u00e8ncia i control de la corrupci\u00f3 a la contractaci\u00f3 p\u00fablica\u201d,\u00a0celebrada al Col\u00b7legi de Professionals de Ci\u00e8ncia pol\u00edtica i Sociologia de Catalunya, dins del Projecte IMonitor, projecte europeu finan\u00e7at per la CE [&hellip;]<\/p>\n","protected":false},"author":5,"featured_media":5265,"comment_status":"closed","ping_status":"open","sticky":false,"template":"","format":"standard","meta":{"footnotes":""},"categories":[33],"tags":[],"class_list":["post-5264","post","type-post","status-publish","format-standard","has-post-thumbnail","hentry","category-noticies"],"_links":{"self":[{"href":"https:\/\/dretpenal.uab.cat\/index.php\/wp-json\/wp\/v2\/posts\/5264","targetHints":{"allow":["GET"]}}],"collection":[{"href":"https:\/\/dretpenal.uab.cat\/index.php\/wp-json\/wp\/v2\/posts"}],"about":[{"href":"https:\/\/dretpenal.uab.cat\/index.php\/wp-json\/wp\/v2\/types\/post"}],"author":[{"embeddable":true,"href":"https:\/\/dretpenal.uab.cat\/index.php\/wp-json\/wp\/v2\/users\/5"}],"replies":[{"embeddable":true,"href":"https:\/\/dretpenal.uab.cat\/index.php\/wp-json\/wp\/v2\/comments?post=5264"}],"version-history":[{"count":2,"href":"https:\/\/dretpenal.uab.cat\/index.php\/wp-json\/wp\/v2\/posts\/5264\/revisions"}],"predecessor-version":[{"id":5267,"href":"https:\/\/dretpenal.uab.cat\/index.php\/wp-json\/wp\/v2\/posts\/5264\/revisions\/5267"}],"wp:featuredmedia":[{"embeddable":true,"href":"https:\/\/dretpenal.uab.cat\/index.php\/wp-json\/wp\/v2\/media\/5265"}],"wp:attachment":[{"href":"https:\/\/dretpenal.uab.cat\/index.php\/wp-json\/wp\/v2\/media?parent=5264"}],"wp:term":[{"taxonomy":"category","embeddable":true,"href":"https:\/\/dretpenal.uab.cat\/index.php\/wp-json\/wp\/v2\/categories?post=5264"},{"taxonomy":"post_tag","embeddable":true,"href":"https:\/\/dretpenal.uab.cat\/index.php\/wp-json\/wp\/v2\/tags?post=5264"}],"curies":[{"name":"wp","href":"https:\/\/api.w.org\/{rel}","templated":true}]}}