{"id":4950,"date":"2024-02-12T06:57:13","date_gmt":"2024-02-12T06:57:13","guid":{"rendered":"https:\/\/dretpenal.uab.cat\/?p=4950"},"modified":"2024-02-12T06:57:31","modified_gmt":"2024-02-12T06:57:31","slug":"seminari-sobre-responsabilitat-penal-de-les-persones-juridiques-amb-el-dr-vincenzo-mongillo","status":"publish","type":"post","link":"https:\/\/dretpenal.uab.cat\/index.php\/2024\/02\/12\/seminari-sobre-responsabilitat-penal-de-les-persones-juridiques-amb-el-dr-vincenzo-mongillo\/","title":{"rendered":"Seminari sobre Responsabilitat penal de les persones jur\u00eddiques amb el Dr. Vincenzo Mongillo"},"content":{"rendered":"\n<p>En el cicle de seminaris del GReDP el 9 de febrer de 2024 ha tingut lloc a l\u2019aula Von Ihering de la Facultat de dret el seminari impartit pel Prof. Dr. Vincenzo Mongillo, Catedr\u00e0tic de Dret penal de la Universitat Unitelma-La Sapienza parlar\u00e0 de la \u201cResponsabilitat penal de les persones jur\u00eddiques: experi\u00e8ncia italiana y dimensi\u00f3 internacional\u201d.<\/p>\n\n\n<div class=\"wp-block-image\">\n<figure class=\"aligncenter size-full\"><img loading=\"lazy\" decoding=\"async\" width=\"1000\" height=\"481\" src=\"https:\/\/dretpenal.uab.cat\/wp-content\/uploads\/2024\/02\/seminari-mongilio-g.png\" alt=\"\" class=\"wp-image-4953\" srcset=\"https:\/\/dretpenal.uab.cat\/wp-content\/uploads\/2024\/02\/seminari-mongilio-g.png 1000w, https:\/\/dretpenal.uab.cat\/wp-content\/uploads\/2024\/02\/seminari-mongilio-g-300x144.png 300w, https:\/\/dretpenal.uab.cat\/wp-content\/uploads\/2024\/02\/seminari-mongilio-g-768x369.png 768w, https:\/\/dretpenal.uab.cat\/wp-content\/uploads\/2024\/02\/seminari-mongilio-g-705x339.png 705w\" sizes=\"auto, (max-width: 1000px) 100vw, 1000px\" \/><\/figure><\/div>","protected":false},"excerpt":{"rendered":"<p>En el cicle de seminaris del GReDP el 9 de febrer de 2024 ha tingut lloc a l\u2019aula Von Ihering de la Facultat de dret el seminari impartit pel Prof. Dr. Vincenzo Mongillo, Catedr\u00e0tic de Dret penal de la Universitat Unitelma-La Sapienza parlar\u00e0 de la \u201cResponsabilitat penal de les persones jur\u00eddiques: experi\u00e8ncia italiana y dimensi\u00f3 [&hellip;]<\/p>\n","protected":false},"author":5,"featured_media":4951,"comment_status":"closed","ping_status":"open","sticky":false,"template":"","format":"standard","meta":{"footnotes":""},"categories":[33],"tags":[],"class_list":["post-4950","post","type-post","status-publish","format-standard","has-post-thumbnail","hentry","category-noticies"],"_links":{"self":[{"href":"https:\/\/dretpenal.uab.cat\/index.php\/wp-json\/wp\/v2\/posts\/4950","targetHints":{"allow":["GET"]}}],"collection":[{"href":"https:\/\/dretpenal.uab.cat\/index.php\/wp-json\/wp\/v2\/posts"}],"about":[{"href":"https:\/\/dretpenal.uab.cat\/index.php\/wp-json\/wp\/v2\/types\/post"}],"author":[{"embeddable":true,"href":"https:\/\/dretpenal.uab.cat\/index.php\/wp-json\/wp\/v2\/users\/5"}],"replies":[{"embeddable":true,"href":"https:\/\/dretpenal.uab.cat\/index.php\/wp-json\/wp\/v2\/comments?post=4950"}],"version-history":[{"count":2,"href":"https:\/\/dretpenal.uab.cat\/index.php\/wp-json\/wp\/v2\/posts\/4950\/revisions"}],"predecessor-version":[{"id":4954,"href":"https:\/\/dretpenal.uab.cat\/index.php\/wp-json\/wp\/v2\/posts\/4950\/revisions\/4954"}],"wp:featuredmedia":[{"embeddable":true,"href":"https:\/\/dretpenal.uab.cat\/index.php\/wp-json\/wp\/v2\/media\/4951"}],"wp:attachment":[{"href":"https:\/\/dretpenal.uab.cat\/index.php\/wp-json\/wp\/v2\/media?parent=4950"}],"wp:term":[{"taxonomy":"category","embeddable":true,"href":"https:\/\/dretpenal.uab.cat\/index.php\/wp-json\/wp\/v2\/categories?post=4950"},{"taxonomy":"post_tag","embeddable":true,"href":"https:\/\/dretpenal.uab.cat\/index.php\/wp-json\/wp\/v2\/tags?post=4950"}],"curies":[{"name":"wp","href":"https:\/\/api.w.org\/{rel}","templated":true}]}}