{"id":5225,"date":"2025-09-16T08:56:20","date_gmt":"2025-09-16T08:56:20","guid":{"rendered":"https:\/\/dretpenal.uab.cat\/?p=5225"},"modified":"2025-09-16T09:02:14","modified_gmt":"2025-09-16T09:02:14","slug":"nova-publicacion-del-gredp-delitos-de-incitacion-al-odio-interpretacion-normativa-y-problemas-aplicativos","status":"publish","type":"post","link":"http:\/\/dretpenal.uab.cat\/index.php\/2025\/09\/16\/nova-publicacion-del-gredp-delitos-de-incitacion-al-odio-interpretacion-normativa-y-problemas-aplicativos\/","title":{"rendered":"Nova publicaci\u00f3n del GReDP: Delitos de incitaci\u00f3n al odio. Interpretaci\u00f3n normativa y problemas aplicativos."},"content":{"rendered":"\n<p>Acaba de publicar-se, dirigit pel Dr. Antoni Cardona, un dels resultats del projecte europeu FAST-LISA, amb les contribucions d\u2019altres membres del GReDP com el Dr. Rafael Rebollo amb el cap\u00edtol \u201cLos elementos subjetivos del tipo impl\u00edcitos: una interpretaci\u00f3n del elemento tendencial en el delito de enaltecimiento y justificaci\u00f3n del terrorismo\u201d; la Dra Miriam Cugat amb el cap\u00edtol \u201cLa necesaria anticipaci\u00f3n procesal del control de antijuridicidad material en el delito contra los sentimientos religiosos\u201d i el Dr. Joan Baucells amb el cap\u00edtol \u201cHacia una necesaria pol\u00edtica criminal europea com\u00fan sobre el discurso del odio\u201d. Per m\u00e9s informaci\u00f3 sobre el seu contingut:\u00a0<a href=\"https:\/\/editorial.tirant.com\/es\/libro\/delitos-de-incitacion-al-odio-interpretacion-normativa-y-problemas-aplicativos-antonio-cardona-barber-9791370105938\" target=\"_blank\" rel=\"noreferrer noopener\">https:\/\/editorial.tirant.com\/es\/libro\/delitos-de-incitacion-al-odio-interpretacion-normativa-y-problemas-aplicativos-antonio-cardona-barber-9791370105938<\/a><\/p>\n\n\n\n<figure class=\"wp-block-image size-full\"><img loading=\"lazy\" decoding=\"async\" width=\"360\" height=\"516\" src=\"https:\/\/dretpenal.uab.cat\/wp-content\/uploads\/2025\/09\/odio.png\" alt=\"\" class=\"wp-image-5226\" srcset=\"http:\/\/dretpenal.uab.cat\/wp-content\/uploads\/2025\/09\/odio.png 360w, http:\/\/dretpenal.uab.cat\/wp-content\/uploads\/2025\/09\/odio-209x300.png 209w\" sizes=\"auto, (max-width: 360px) 100vw, 360px\" \/><\/figure>\n","protected":false},"excerpt":{"rendered":"<p>Acaba de publicar-se, dirigit pel Dr. Antoni Cardona, un dels resultats del projecte europeu FAST-LISA, amb les contribucions d\u2019altres membres del GReDP com el Dr. Rafael Rebollo amb el cap\u00edtol \u201cLos elementos subjetivos del tipo impl\u00edcitos: una interpretaci\u00f3n del elemento tendencial en el delito de enaltecimiento y justificaci\u00f3n del terrorismo\u201d; la Dra Miriam Cugat amb [&hellip;]<\/p>\n","protected":false},"author":5,"featured_media":5229,"comment_status":"closed","ping_status":"open","sticky":false,"template":"","format":"standard","meta":{"footnotes":""},"categories":[33],"tags":[],"class_list":["post-5225","post","type-post","status-publish","format-standard","has-post-thumbnail","hentry","category-noticies"],"_links":{"self":[{"href":"http:\/\/dretpenal.uab.cat\/index.php\/wp-json\/wp\/v2\/posts\/5225","targetHints":{"allow":["GET"]}}],"collection":[{"href":"http:\/\/dretpenal.uab.cat\/index.php\/wp-json\/wp\/v2\/posts"}],"about":[{"href":"http:\/\/dretpenal.uab.cat\/index.php\/wp-json\/wp\/v2\/types\/post"}],"author":[{"embeddable":true,"href":"http:\/\/dretpenal.uab.cat\/index.php\/wp-json\/wp\/v2\/users\/5"}],"replies":[{"embeddable":true,"href":"http:\/\/dretpenal.uab.cat\/index.php\/wp-json\/wp\/v2\/comments?post=5225"}],"version-history":[{"count":1,"href":"http:\/\/dretpenal.uab.cat\/index.php\/wp-json\/wp\/v2\/posts\/5225\/revisions"}],"predecessor-version":[{"id":5227,"href":"http:\/\/dretpenal.uab.cat\/index.php\/wp-json\/wp\/v2\/posts\/5225\/revisions\/5227"}],"wp:featuredmedia":[{"embeddable":true,"href":"http:\/\/dretpenal.uab.cat\/index.php\/wp-json\/wp\/v2\/media\/5229"}],"wp:attachment":[{"href":"http:\/\/dretpenal.uab.cat\/index.php\/wp-json\/wp\/v2\/media?parent=5225"}],"wp:term":[{"taxonomy":"category","embeddable":true,"href":"http:\/\/dretpenal.uab.cat\/index.php\/wp-json\/wp\/v2\/categories?post=5225"},{"taxonomy":"post_tag","embeddable":true,"href":"http:\/\/dretpenal.uab.cat\/index.php\/wp-json\/wp\/v2\/tags?post=5225"}],"curies":[{"name":"wp","href":"https:\/\/api.w.org\/{rel}","templated":true}]}}