{"id":4903,"date":"2023-09-12T06:48:40","date_gmt":"2023-09-12T06:48:40","guid":{"rendered":"https:\/\/dretpenal.uab.cat\/?p=4903"},"modified":"2023-09-12T06:52:15","modified_gmt":"2023-09-12T06:52:15","slug":"seminario-las-personas-juridicas-ante-los-mandatos-internacionales-de-transparencia-y-diligencia-debida","status":"publish","type":"post","link":"http:\/\/dretpenal.uab.cat\/index.php\/2023\/09\/12\/seminario-las-personas-juridicas-ante-los-mandatos-internacionales-de-transparencia-y-diligencia-debida\/","title":{"rendered":"Seminario \u201cLas personas jur\u00eddicas ante los mandatos internacionales de transparencia y diligencia debida\u201d"},"content":{"rendered":"\n<p>Seminario \u201cLas personas jur\u00eddicas ante los mandatos internacionales de transparencia y diligencia debida\u201d con la participaci\u00f3n de la Prof. Dra. Ana P\u00e9rez Cepeda, Catedr\u00e1tica de Derecho penal de la Universidad de Salamanca. Viernes, 8 de septiembre de 2023, 11 h. Sala de Juntas. Actividad coorganizada por los i+d+i: PID2020-117526RB-I00 sobre La prevenci\u00f3n de la corrupci\u00f3n en el sector p\u00fablico empresarial y PID2022-142211NB-C21 sobre An\u00e1lisis cr\u00edtico del Derecho penal de la plutofilia (plutopenal).<\/p>\n\n\n<div class=\"wp-block-image\">\n<figure class=\"aligncenter size-large\"><img loading=\"lazy\" decoding=\"async\" width=\"1030\" height=\"531\" src=\"http:\/\/dretpenal.uab.cat\/wp-content\/uploads\/2023\/09\/seminari-ana-1030x531.jpg\" alt=\"\" class=\"wp-image-4907\" srcset=\"http:\/\/dretpenal.uab.cat\/wp-content\/uploads\/2023\/09\/seminari-ana-1030x531.jpg 1030w, http:\/\/dretpenal.uab.cat\/wp-content\/uploads\/2023\/09\/seminari-ana-300x155.jpg 300w, http:\/\/dretpenal.uab.cat\/wp-content\/uploads\/2023\/09\/seminari-ana-768x396.jpg 768w, http:\/\/dretpenal.uab.cat\/wp-content\/uploads\/2023\/09\/seminari-ana-1536x792.jpg 1536w, http:\/\/dretpenal.uab.cat\/wp-content\/uploads\/2023\/09\/seminari-ana-1500x773.jpg 1500w, http:\/\/dretpenal.uab.cat\/wp-content\/uploads\/2023\/09\/seminari-ana-705x363.jpg 705w, http:\/\/dretpenal.uab.cat\/wp-content\/uploads\/2023\/09\/seminari-ana.jpg 1643w\" sizes=\"auto, (max-width: 1030px) 100vw, 1030px\" \/><\/figure><\/div>","protected":false},"excerpt":{"rendered":"<p>Seminario \u201cLas personas jur\u00eddicas ante los mandatos internacionales de transparencia y diligencia debida\u201d con la participaci\u00f3n de la Prof. Dra. Ana P\u00e9rez Cepeda, Catedr\u00e1tica de Derecho penal de la Universidad de Salamanca. Viernes, 8 de septiembre de 2023, 11 h. Sala de Juntas. Actividad coorganizada por los i+d+i: PID2020-117526RB-I00 sobre La prevenci\u00f3n de la corrupci\u00f3n [&hellip;]<\/p>\n","protected":false},"author":5,"featured_media":4906,"comment_status":"closed","ping_status":"open","sticky":false,"template":"","format":"standard","meta":{"footnotes":""},"categories":[33],"tags":[],"class_list":["post-4903","post","type-post","status-publish","format-standard","has-post-thumbnail","hentry","category-noticies"],"_links":{"self":[{"href":"http:\/\/dretpenal.uab.cat\/index.php\/wp-json\/wp\/v2\/posts\/4903","targetHints":{"allow":["GET"]}}],"collection":[{"href":"http:\/\/dretpenal.uab.cat\/index.php\/wp-json\/wp\/v2\/posts"}],"about":[{"href":"http:\/\/dretpenal.uab.cat\/index.php\/wp-json\/wp\/v2\/types\/post"}],"author":[{"embeddable":true,"href":"http:\/\/dretpenal.uab.cat\/index.php\/wp-json\/wp\/v2\/users\/5"}],"replies":[{"embeddable":true,"href":"http:\/\/dretpenal.uab.cat\/index.php\/wp-json\/wp\/v2\/comments?post=4903"}],"version-history":[{"count":3,"href":"http:\/\/dretpenal.uab.cat\/index.php\/wp-json\/wp\/v2\/posts\/4903\/revisions"}],"predecessor-version":[{"id":4908,"href":"http:\/\/dretpenal.uab.cat\/index.php\/wp-json\/wp\/v2\/posts\/4903\/revisions\/4908"}],"wp:featuredmedia":[{"embeddable":true,"href":"http:\/\/dretpenal.uab.cat\/index.php\/wp-json\/wp\/v2\/media\/4906"}],"wp:attachment":[{"href":"http:\/\/dretpenal.uab.cat\/index.php\/wp-json\/wp\/v2\/media?parent=4903"}],"wp:term":[{"taxonomy":"category","embeddable":true,"href":"http:\/\/dretpenal.uab.cat\/index.php\/wp-json\/wp\/v2\/categories?post=4903"},{"taxonomy":"post_tag","embeddable":true,"href":"http:\/\/dretpenal.uab.cat\/index.php\/wp-json\/wp\/v2\/tags?post=4903"}],"curies":[{"name":"wp","href":"https:\/\/api.w.org\/{rel}","templated":true}]}}