{"id":4889,"date":"2023-07-19T07:22:46","date_gmt":"2023-07-19T07:22:46","guid":{"rendered":"https:\/\/dretpenal.uab.cat\/?p=4889"},"modified":"2023-07-19T07:26:57","modified_gmt":"2023-07-19T07:26:57","slug":"iniciem-el-workpackage-3-del-projecte-europeu-fast-lisa-formem-a-formadors-contra-els-missatges-dodi","status":"publish","type":"post","link":"http:\/\/dretpenal.uab.cat\/index.php\/2023\/07\/19\/iniciem-el-workpackage-3-del-projecte-europeu-fast-lisa-formem-a-formadors-contra-els-missatges-dodi\/","title":{"rendered":"Iniciem el Workpackage 3 del projecte europeu FAST-LISA: formem a formadors contra els missatges d\u2019odi"},"content":{"rendered":"\n<p>El 20 d\u2019abril iniciem a Santa Coloma de Gramanet amb @DanideTorres la formaci\u00f3 de formadors amb una sessi\u00f3 amb alumnat de l&#8217;INS La Bastida en el marc del projecte #FastLisa. Aterrem els principis de les pol\u00edtiques d&#8217; Interculturalitat per capacitar als i les joves que va lideraran el projecte. I despr\u00e9s de con\u00e8ixer els principis, passen a l&#8217;acci\u00f3 i comencen a treballar propostes concretes per reflexionar, capgirar i actuar davant les discriminacions que es troben en el seu dia a dia\u00a0 #FastLisa #UnviatgeNecessari<\/p>\n\n\n<div class=\"wp-block-image\">\n<figure class=\"aligncenter size-full\"><img loading=\"lazy\" decoding=\"async\" width=\"711\" height=\"511\" src=\"https:\/\/dretpenal.uab.cat\/wp-content\/uploads\/2023\/07\/WP3g.png\" alt=\"\" class=\"wp-image-4892\" srcset=\"http:\/\/dretpenal.uab.cat\/wp-content\/uploads\/2023\/07\/WP3g.png 711w, http:\/\/dretpenal.uab.cat\/wp-content\/uploads\/2023\/07\/WP3g-300x216.png 300w, http:\/\/dretpenal.uab.cat\/wp-content\/uploads\/2023\/07\/WP3g-705x507.png 705w\" sizes=\"auto, (max-width: 711px) 100vw, 711px\" \/><\/figure><\/div>","protected":false},"excerpt":{"rendered":"<p>El 20 d\u2019abril iniciem a Santa Coloma de Gramanet amb @DanideTorres la formaci\u00f3 de formadors amb una sessi\u00f3 amb alumnat de l&#8217;INS La Bastida en el marc del projecte #FastLisa. Aterrem els principis de les pol\u00edtiques d&#8217; Interculturalitat per capacitar als i les joves que va lideraran el projecte. I despr\u00e9s de con\u00e8ixer els principis, [&hellip;]<\/p>\n","protected":false},"author":5,"featured_media":4891,"comment_status":"closed","ping_status":"open","sticky":false,"template":"","format":"standard","meta":{"footnotes":""},"categories":[33],"tags":[],"class_list":["post-4889","post","type-post","status-publish","format-standard","has-post-thumbnail","hentry","category-noticies"],"_links":{"self":[{"href":"http:\/\/dretpenal.uab.cat\/index.php\/wp-json\/wp\/v2\/posts\/4889","targetHints":{"allow":["GET"]}}],"collection":[{"href":"http:\/\/dretpenal.uab.cat\/index.php\/wp-json\/wp\/v2\/posts"}],"about":[{"href":"http:\/\/dretpenal.uab.cat\/index.php\/wp-json\/wp\/v2\/types\/post"}],"author":[{"embeddable":true,"href":"http:\/\/dretpenal.uab.cat\/index.php\/wp-json\/wp\/v2\/users\/5"}],"replies":[{"embeddable":true,"href":"http:\/\/dretpenal.uab.cat\/index.php\/wp-json\/wp\/v2\/comments?post=4889"}],"version-history":[{"count":2,"href":"http:\/\/dretpenal.uab.cat\/index.php\/wp-json\/wp\/v2\/posts\/4889\/revisions"}],"predecessor-version":[{"id":4893,"href":"http:\/\/dretpenal.uab.cat\/index.php\/wp-json\/wp\/v2\/posts\/4889\/revisions\/4893"}],"wp:featuredmedia":[{"embeddable":true,"href":"http:\/\/dretpenal.uab.cat\/index.php\/wp-json\/wp\/v2\/media\/4891"}],"wp:attachment":[{"href":"http:\/\/dretpenal.uab.cat\/index.php\/wp-json\/wp\/v2\/media?parent=4889"}],"wp:term":[{"taxonomy":"category","embeddable":true,"href":"http:\/\/dretpenal.uab.cat\/index.php\/wp-json\/wp\/v2\/categories?post=4889"},{"taxonomy":"post_tag","embeddable":true,"href":"http:\/\/dretpenal.uab.cat\/index.php\/wp-json\/wp\/v2\/tags?post=4889"}],"curies":[{"name":"wp","href":"https:\/\/api.w.org\/{rel}","templated":true}]}}