{"id":4596,"date":"2021-03-05T06:45:23","date_gmt":"2021-03-05T06:45:23","guid":{"rendered":"http:\/\/dretpenal.uab.cat\/?p=4596"},"modified":"2021-03-05T06:46:08","modified_gmt":"2021-03-05T06:46:08","slug":"propostes-per-a-desenvolupar-la-justicia-restaurativa-en-delictes-economics","status":"publish","type":"post","link":"http:\/\/dretpenal.uab.cat\/index.php\/2021\/03\/05\/propostes-per-a-desenvolupar-la-justicia-restaurativa-en-delictes-economics\/","title":{"rendered":"Propostes per a desenvolupar la &#8216;Just\u00edcia Restaurativa&#8217; en delictes econ\u00f2mics"},"content":{"rendered":"<p>La just\u00edcia restaurativa, a difer\u00e8ncia d&#8217;una sancionadora, tracta de reparar el mal que la persona ofensora ha causat a la seva v\u00edctima. Per a aix\u00f2, un element fonamental s\u00f3n les anomenades &#8216;trobades restauratives&#8217; amb les quals, per mitj\u00e0 d&#8217;un professional que mitjan\u00e7a entre totes dues parts, s&#8217;intenta aconseguir la restauraci\u00f3 o enteniment. En aquest article, Joan Baucells, presenta una recerca en la qual s&#8217;avalua la possibilitat d&#8217;implementar en delictes econ\u00f2mics aquestes trobades restauratives quan l&#8217;ofensor est\u00e0 complint condemna. Ampliar l&#8217;arc de &#8216;v\u00edctima&#8217;, el de la compensaci\u00f3 econ\u00f2mica o que l&#8217;objectiu de la restauraci\u00f3 es complementi amb la just\u00edcia penal s\u00f3n algunes de les propostes.<\/p>\n<p><strong><a href=\"https:\/\/www.uab.cat\/web\/detall-de-noticia\/propostes-per-a-desenvolupar-la-justicia-restaurativa-en-delictes-economics-1345469002000.html?noticiaid=1345834691413\" target=\"_blank\" rel=\"noopener\">M\u00e9s informaci\u00f3<\/a><\/strong><\/p>\n<p>&nbsp;<\/p>\n<p>&nbsp;<\/p>\n<p>&nbsp;<\/p>\n","protected":false},"excerpt":{"rendered":"<p>La just\u00edcia restaurativa, a difer\u00e8ncia d&#8217;una sancionadora, tracta de reparar el mal que la persona ofensora ha causat a la seva v\u00edctima. Per a aix\u00f2, un element fonamental s\u00f3n les anomenades &#8216;trobades restauratives&#8217; amb les quals, per mitj\u00e0 d&#8217;un professional que mitjan\u00e7a entre totes dues parts, s&#8217;intenta aconseguir la restauraci\u00f3 o enteniment. En aquest article, [&hellip;]<\/p>\n","protected":false},"author":4,"featured_media":4597,"comment_status":"closed","ping_status":"open","sticky":false,"template":"","format":"standard","meta":{"footnotes":""},"categories":[33],"tags":[],"class_list":["post-4596","post","type-post","status-publish","format-standard","has-post-thumbnail","hentry","category-noticies"],"_links":{"self":[{"href":"http:\/\/dretpenal.uab.cat\/index.php\/wp-json\/wp\/v2\/posts\/4596","targetHints":{"allow":["GET"]}}],"collection":[{"href":"http:\/\/dretpenal.uab.cat\/index.php\/wp-json\/wp\/v2\/posts"}],"about":[{"href":"http:\/\/dretpenal.uab.cat\/index.php\/wp-json\/wp\/v2\/types\/post"}],"author":[{"embeddable":true,"href":"http:\/\/dretpenal.uab.cat\/index.php\/wp-json\/wp\/v2\/users\/4"}],"replies":[{"embeddable":true,"href":"http:\/\/dretpenal.uab.cat\/index.php\/wp-json\/wp\/v2\/comments?post=4596"}],"version-history":[{"count":3,"href":"http:\/\/dretpenal.uab.cat\/index.php\/wp-json\/wp\/v2\/posts\/4596\/revisions"}],"predecessor-version":[{"id":4599,"href":"http:\/\/dretpenal.uab.cat\/index.php\/wp-json\/wp\/v2\/posts\/4596\/revisions\/4599"}],"wp:featuredmedia":[{"embeddable":true,"href":"http:\/\/dretpenal.uab.cat\/index.php\/wp-json\/wp\/v2\/media\/4597"}],"wp:attachment":[{"href":"http:\/\/dretpenal.uab.cat\/index.php\/wp-json\/wp\/v2\/media?parent=4596"}],"wp:term":[{"taxonomy":"category","embeddable":true,"href":"http:\/\/dretpenal.uab.cat\/index.php\/wp-json\/wp\/v2\/categories?post=4596"},{"taxonomy":"post_tag","embeddable":true,"href":"http:\/\/dretpenal.uab.cat\/index.php\/wp-json\/wp\/v2\/tags?post=4596"}],"curies":[{"name":"wp","href":"https:\/\/api.w.org\/{rel}","templated":true}]}}