{"id":4178,"date":"2017-11-21T14:13:08","date_gmt":"2017-11-21T14:13:08","guid":{"rendered":"http:\/\/dretpenal.uab.cat\/?p=4178"},"modified":"2017-11-21T14:17:24","modified_gmt":"2017-11-21T14:17:24","slug":"la-fiscalizacion-economica-y-financiera-de-los-partidos-politicos","status":"publish","type":"post","link":"http:\/\/dretpenal.uab.cat\/index.php\/2017\/11\/21\/la-fiscalizacion-economica-y-financiera-de-los-partidos-politicos\/","title":{"rendered":"La fiscalizaci\u00f3n econ\u00f3mica y financiera de los partidos pol\u00edticos"},"content":{"rendered":"<p>La fiscalizaci\u00f3n econ\u00f3mica y financiera de los partidos pol\u00edticos: Tribunal de cuentas y Sindicatura de comptes. Seminario celebrado en la Universitat Aut\u00f3noma de Barcelona el 25 de noviembre de 2016. Facultad de derecho. Aula 4.<\/p>\n<p>10.00 h Presentaci\u00f3n del seminario a cargo de Mercedes Garc\u00eda Ar\u00e1n (Catedr\u00e1tica de Derecho Penal de la UAB) y Joan Botella (Catedr\u00e1tico de Ciencia Pol\u00edtica de la UAB), directores del proyecto\u00a0 de investigaci\u00f3n.<\/p>\n<p>10.15 h.: El Tribunal de Cuentas y el control de los partidos pol\u00edticos. Retos presentes y futuros. Moderador: Dr. Francesc Vall\u00e8s Vives (Profesor Lector de Derecho Constitucional de la UAB) Intervienen: Sr. Lluis Armet i Coma (Consejero del Tribunal de Cuentas. Departamento de empresas estatal y otros entes p\u00fablicos) y Sra. Do\u00f1a Mar\u00eda Dolores Genaro (Consejera del Tribunal de Comptes. Departamento de la \u00c0rea de Administraci\u00f3n socio-laboral y de la seguridad social y Departamento de partidos pol\u00edticos).<\/p>\n<p>12.30h: La Sindicatura de Comptes de Catalunya y el control del gasto electoral. Moderador: Joan Marcet i Morera (Profesor Titular de Derecho Constitucional de la UAB) Interviene: Sr. Jaume Amat. S\u00edndic Major de la Sindicatura de Comptes de Catalunya.<\/p>\n<p>13.30 h: Clausura del seminario.<\/p>\n","protected":false},"excerpt":{"rendered":"<p>La fiscalizaci\u00f3n econ\u00f3mica y financiera de los partidos pol\u00edticos: Tribunal de cuentas y Sindicatura de comptes. Seminario celebrado en la Universitat Aut\u00f3noma de Barcelona el 25 de noviembre de 2016. Facultad de derecho. Aula 4. 10.00 h Presentaci\u00f3n del seminario a cargo de Mercedes Garc\u00eda Ar\u00e1n (Catedr\u00e1tica de Derecho Penal de la UAB) y Joan [&hellip;]<\/p>\n","protected":false},"author":4,"featured_media":4181,"comment_status":"closed","ping_status":"open","sticky":false,"template":"","format":"standard","meta":{"footnotes":""},"categories":[33],"tags":[],"class_list":["post-4178","post","type-post","status-publish","format-standard","has-post-thumbnail","hentry","category-noticies"],"_links":{"self":[{"href":"http:\/\/dretpenal.uab.cat\/index.php\/wp-json\/wp\/v2\/posts\/4178","targetHints":{"allow":["GET"]}}],"collection":[{"href":"http:\/\/dretpenal.uab.cat\/index.php\/wp-json\/wp\/v2\/posts"}],"about":[{"href":"http:\/\/dretpenal.uab.cat\/index.php\/wp-json\/wp\/v2\/types\/post"}],"author":[{"embeddable":true,"href":"http:\/\/dretpenal.uab.cat\/index.php\/wp-json\/wp\/v2\/users\/4"}],"replies":[{"embeddable":true,"href":"http:\/\/dretpenal.uab.cat\/index.php\/wp-json\/wp\/v2\/comments?post=4178"}],"version-history":[{"count":2,"href":"http:\/\/dretpenal.uab.cat\/index.php\/wp-json\/wp\/v2\/posts\/4178\/revisions"}],"predecessor-version":[{"id":4193,"href":"http:\/\/dretpenal.uab.cat\/index.php\/wp-json\/wp\/v2\/posts\/4178\/revisions\/4193"}],"wp:featuredmedia":[{"embeddable":true,"href":"http:\/\/dretpenal.uab.cat\/index.php\/wp-json\/wp\/v2\/media\/4181"}],"wp:attachment":[{"href":"http:\/\/dretpenal.uab.cat\/index.php\/wp-json\/wp\/v2\/media?parent=4178"}],"wp:term":[{"taxonomy":"category","embeddable":true,"href":"http:\/\/dretpenal.uab.cat\/index.php\/wp-json\/wp\/v2\/categories?post=4178"},{"taxonomy":"post_tag","embeddable":true,"href":"http:\/\/dretpenal.uab.cat\/index.php\/wp-json\/wp\/v2\/tags?post=4178"}],"curies":[{"name":"wp","href":"https:\/\/api.w.org\/{rel}","templated":true}]}}