{"id":4078,"date":"2017-11-11T09:39:29","date_gmt":"2017-11-11T09:39:29","guid":{"rendered":"http:\/\/criminologia.uab.cat\/?p=4078"},"modified":"2017-11-21T14:19:38","modified_gmt":"2017-11-21T14:19:38","slug":"presentacion-de-crimimedia","status":"publish","type":"post","link":"http:\/\/dretpenal.uab.cat\/index.php\/2017\/11\/11\/presentacion-de-crimimedia\/","title":{"rendered":"Presentaci\u00f3n de \u201cCrimimedia\u201d"},"content":{"rendered":"<p>La Catedr\u00e1tica de Derecho Penal en la Universidad Aut\u00f3noma de Barcelona, la Dra. <strong>Mercedes Garc\u00eda Ar\u00e1n<\/strong>, dirige el nuevo proyecto de investigaci\u00f3n y transferencia <em>\u201c<strong>Crimimedia<\/strong><\/em>\u201d, un instrumento de debate sobre el discurso medi\u00e1tico y las decisiones tomadas por los poderes p\u00fablicos en relaci\u00f3n a la delincuencia.\u00a0<a href=\"http:\/\/www.fundacioforum.org\/actualitat_det.asp?id=355\" target=\"_blank\" rel=\"noopener\">[M\u00e1s informaci\u00f3n]<\/a><\/p>\n","protected":false},"excerpt":{"rendered":"<p>La Catedr\u00e1tica de Derecho Penal en la Universidad Aut\u00f3noma de Barcelona, la Dra. Mercedes Garc\u00eda Ar\u00e1n, dirige el nuevo proyecto de investigaci\u00f3n y transferencia \u201cCrimimedia\u201d, un instrumento de debate sobre el discurso medi\u00e1tico y las decisiones tomadas por los poderes p\u00fablicos en relaci\u00f3n a la delincuencia.\u00a0[M\u00e1s informaci\u00f3n]<\/p>\n","protected":false},"author":3,"featured_media":4170,"comment_status":"closed","ping_status":"open","sticky":false,"template":"","format":"standard","meta":{"footnotes":""},"categories":[33],"tags":[],"class_list":["post-4078","post","type-post","status-publish","format-standard","has-post-thumbnail","hentry","category-noticies"],"_links":{"self":[{"href":"http:\/\/dretpenal.uab.cat\/index.php\/wp-json\/wp\/v2\/posts\/4078","targetHints":{"allow":["GET"]}}],"collection":[{"href":"http:\/\/dretpenal.uab.cat\/index.php\/wp-json\/wp\/v2\/posts"}],"about":[{"href":"http:\/\/dretpenal.uab.cat\/index.php\/wp-json\/wp\/v2\/types\/post"}],"author":[{"embeddable":true,"href":"http:\/\/dretpenal.uab.cat\/index.php\/wp-json\/wp\/v2\/users\/3"}],"replies":[{"embeddable":true,"href":"http:\/\/dretpenal.uab.cat\/index.php\/wp-json\/wp\/v2\/comments?post=4078"}],"version-history":[{"count":5,"href":"http:\/\/dretpenal.uab.cat\/index.php\/wp-json\/wp\/v2\/posts\/4078\/revisions"}],"predecessor-version":[{"id":4184,"href":"http:\/\/dretpenal.uab.cat\/index.php\/wp-json\/wp\/v2\/posts\/4078\/revisions\/4184"}],"wp:featuredmedia":[{"embeddable":true,"href":"http:\/\/dretpenal.uab.cat\/index.php\/wp-json\/wp\/v2\/media\/4170"}],"wp:attachment":[{"href":"http:\/\/dretpenal.uab.cat\/index.php\/wp-json\/wp\/v2\/media?parent=4078"}],"wp:term":[{"taxonomy":"category","embeddable":true,"href":"http:\/\/dretpenal.uab.cat\/index.php\/wp-json\/wp\/v2\/categories?post=4078"},{"taxonomy":"post_tag","embeddable":true,"href":"http:\/\/dretpenal.uab.cat\/index.php\/wp-json\/wp\/v2\/tags?post=4078"}],"curies":[{"name":"wp","href":"https:\/\/api.w.org\/{rel}","templated":true}]}}